{"id":2073,"date":"2024-09-23T19:58:18","date_gmt":"2024-09-23T17:58:18","guid":{"rendered":"https:\/\/escuelagallegadebienestar.es\/blog\/segundo-encontro-de-benestar-e-sustentabilidade-en-galicia\/"},"modified":"2024-09-25T12:35:26","modified_gmt":"2024-09-25T10:35:26","slug":"segundo-encontro-de-benestar-e-sustentabilidade-en-galicia","status":"publish","type":"post","link":"https:\/\/escuelagallegadebienestar.es\/gl\/segundo-encontro-de-benestar-e-sustentabilidade-en-galicia\/","title":{"rendered":"Segundo Encontro de Benestar e Sustentabilidade en Galicia"},"content":{"rendered":"<section class=\"l-section wpb_row height_medium\"><div class=\"l-section-h i-cf\"><div class=\"g-cols vc_row via_grid cols_1 laptops-cols_inherit tablets-cols_inherit mobiles-cols_1 valign_top type_default stacking_default\"><div class=\"wpb_column vc_column_container\"><div class=\"vc_column-inner\"><div class=\"w-btn-wrapper align_none\"><a class=\"w-btn us-btn-style_2\" href=\"https:\/\/forms.gle\/YGesLa2vsHH52GrC6\"><span class=\"w-btn-label\">II Encontro de Benestar e Sustentabilidade en Galicia<\/span><\/a><\/div><div class=\"wpb_text_column\"><div class=\"wpb_wrapper\"><p>\u00c9 un pracer para n\u00f3s, convidarte invitarte ao<b> Segundo Encontro de Benestar e Sustentabilidade en Galicia<\/b>, ao que asistir\u00e1n novamente<span>diferentes empresas e entidades galegas que consideramos que est\u00e1n a desempe\u00f1ar unha importante labor para o benestar das persoas e o coidado do meio ambiente, a trav\u00e9s de diferentes pr\u00e1cticas y actividades.<\/span><\/p>\n<p>Galicia \u00e9 unha terra rica en recursos na que dispo\u00f1emos de todo o necesario para disfrutar dunha vida plena e, a trav\u00e9s de Encontros coma este, adem\u00e1is de presentar proxectos y xerar sinerxias entre os participantes e asistentes, queremos amosar e po\u00f1er en valor o potencial dos recursos da nosa rexi\u00f3n.<\/p>\n<p>Agard\u00e1moste o vindeir<span>o <\/span><b>m\u00e9rcores, 2 de outubro<\/b>, no <b>Pazo de Arenaza<\/b>, Avda. das Mari\u00f1as, s\/n, 15171, I\u00f1\u00e1s, Oleiros, A Coru\u00f1a, a partir da<span>s<\/span> <b>09.45 h. <\/b> <\/p>\n<p>Podes inscribirte aqu\u00ed:<\/p>\n<\/div><\/div><div class=\"w-separator size_small\"><\/div><div class=\"w-btn-wrapper align_none\"><a class=\"w-btn us-btn-style_2\" href=\"https:\/\/forms.gle\/YGesLa2vsHH52GrC6\"><span class=\"w-btn-label\">INSCRICI\u00d3N<\/span><\/a><\/div><div class=\"w-separator size_small\"><\/div><div class=\"wpb_text_column\"><div class=\"wpb_wrapper\"><p><strong>PROGRAMA<\/strong><\/p>\n<p><strong>Segundo Encontro de Benestar e Sustentabilidade en Galicia<\/strong><\/p>\n<table>\n<tbody>\n<tr>\n<td style=\"min-width: 115px;\"><strong>09.45 h <\/strong><\/td>\n<td><strong>Recepci\u00f3n de asistentes<\/strong><\/td>\n<\/tr>\n<tr>\n<td><strong>10.00 h<\/strong><\/td>\n<td>\n<p><strong>Benvida e presentaci\u00f3n da Red Vital de Galicia.<\/strong><\/p>\n<p>Visibilidade de proxectos, empresas e entidades de Galicia que armonizan a nosa vida e contrib\u00faen ao benestar, mentres coidan da contorna.<\/p>\n<\/td>\n<\/tr>\n<tr>\n<td><strong>10.20 h<\/strong><\/td>\n<td>\n<p><strong>Presentaci\u00f3n de proxectos que est\u00e1n a promover o Benestar e a Sustentabilidade en Galicia.<\/strong><\/p>\n<p>Desde o coworking do Pazo de Arenaza participan:<\/p>\n<ul>\n<li><strong>Ruta N-VI<\/strong> con Xos\u00e9 Ram\u00f3n N\u00f3voa e Silvia Mart\u00ednez (Viaxa lento: Madrid-A Coru\u00f1a)<\/li>\n<li><strong>Permae<\/strong> con Rodrigo L\u00f3pez Piqu\u00edn (Resiliencia meioambiental)<\/li>\n<li><strong>Repoboar<\/strong> con Carmen Sanz (Vivir no rural)<\/li>\n<li><strong>Escola Galega de Benestar <\/strong>con Bea Lema (Mellor calidade de vida)<\/li>\n<\/ul>\n<\/td>\n<\/tr>\n<tr>\n<td> <\/td>\n<td>\n<p>Asimesmo, participan:<\/p>\n<ul>\n<li><strong>A Artesa da Moza Crecha<\/strong>, con Lolo Mosteiro e Paula Mart\u00ednez (Coci\u00f1a de territorio)<\/li>\n<li><strong>Os Biosbardos<\/strong>, con Miguel \u00c1ngel Roig (Cultura de Leira)<\/li>\n<li><strong>Acastrexa,<\/strong> con Paula Pati\u00f1o (Artesan\u00eda, elaboraci\u00f3ns e innovaci\u00f3n)<\/li>\n<li><strong>Mi Legado Emocional<\/strong>, con Cristina Borraz\u00e1s (Funeral planner)<\/li>\n<li>Adem\u00e1is de <strong>Orballo<\/strong>, <strong>Refix, Vanetta Food, Caf\u00e9s L\u00faa<\/strong>&#8230;<\/li>\n<\/ul>\n<\/td>\n<\/tr>\n<tr>\n<td><strong>11.40 h<\/strong><\/td>\n<td>\n<p><strong>Pausa<\/strong><\/p>\n<p>Onde poderemos co\u00f1ecer produtos de diferentes marcas galegas, comprometidas co benestar e a sustentabilidade.<\/p>\n<\/td>\n<\/tr>\n<tr>\n<td><strong>12.10 h<\/strong><\/td>\n<td><b>Continuaci\u00f3n e Mesa Redonda con Networking dirixido <\/b>entre participantes e asistentes<\/td>\n<\/tr>\n<tr>\n<td><strong>13.15 h <\/strong><\/td>\n<td><strong>Rolda de Preguntas<\/strong><\/td>\n<\/tr>\n<tr>\n<td><strong>13.30 h<\/strong><\/td>\n<td><strong>Agradecementos e Peche<\/strong><\/td>\n<\/tr>\n<\/tbody>\n<\/table>\n<div>Este \u00e9 un proxecto localizado no coworking do Pazo de Arenaza promovido pola Deputaci\u00f3n de A Coru\u00f1a.<\/div>\n<div> <\/div>\n<div>\n<div class=\"wp-block-image\"><img loading=\"lazy\" decoding=\"async\" class=\"wp-image-1037 alignleft\" src=\"https:\/\/escuelagallegadebienestar.es\/wp-content\/uploads\/2024\/01\/DepCor_horiz.png\" alt=\"\" width=\"263\" height=\"117\" srcset=\"https:\/\/escuelagallegadebienestar.es\/wp-content\/uploads\/2024\/01\/DepCor_horiz.png 1088w, https:\/\/escuelagallegadebienestar.es\/wp-content\/uploads\/2024\/01\/DepCor_horiz-600x268.png 600w, https:\/\/escuelagallegadebienestar.es\/wp-content\/uploads\/2024\/01\/DepCor_horiz-300x134.png 300w, https:\/\/escuelagallegadebienestar.es\/wp-content\/uploads\/2024\/01\/DepCor_horiz-1024x457.png 1024w, https:\/\/escuelagallegadebienestar.es\/wp-content\/uploads\/2024\/01\/DepCor_horiz-50x22.png 50w, https:\/\/escuelagallegadebienestar.es\/wp-content\/uploads\/2024\/01\/DepCor_horiz-100x45.png 100w\" sizes=\"auto, (max-width: 263px) 100vw, 263px\" \/><\/div>\n<\/div>\n<div class=\"wp-block-image\"><img loading=\"lazy\" decoding=\"async\" class=\"wp-image-1035 alignleft\" src=\"https:\/\/escuelagallegadebienestar.es\/wp-content\/uploads\/2024\/01\/Logo_RedeEspazos_PazoArenaza.png\" alt=\"\" width=\"119\" height=\"119\" srcset=\"https:\/\/escuelagallegadebienestar.es\/wp-content\/uploads\/2024\/01\/Logo_RedeEspazos_PazoArenaza.png 500w, https:\/\/escuelagallegadebienestar.es\/wp-content\/uploads\/2024\/01\/Logo_RedeEspazos_PazoArenaza-300x300.png 300w, https:\/\/escuelagallegadebienestar.es\/wp-content\/uploads\/2024\/01\/Logo_RedeEspazos_PazoArenaza-150x150.png 150w, https:\/\/escuelagallegadebienestar.es\/wp-content\/uploads\/2024\/01\/Logo_RedeEspazos_PazoArenaza-50x50.png 50w, https:\/\/escuelagallegadebienestar.es\/wp-content\/uploads\/2024\/01\/Logo_RedeEspazos_PazoArenaza-100x100.png 100w\" sizes=\"auto, (max-width: 119px) 100vw, 119px\" \/><\/div>\n<\/div><\/div><div class=\"w-separator size_small\"><\/div><div class=\"w-btn-wrapper align_none\"><a class=\"w-btn us-btn-style_2\" href=\"https:\/\/forms.gle\/YGesLa2vsHH52GrC6\"><span class=\"w-btn-label\">INSCR\u00cdBETE AQU\u00cd<\/span><\/a><\/div><\/div><\/div><\/div><\/div><\/section>\n","protected":false},"excerpt":{"rendered":"II Encontro de Benestar e Sustentabilidade en Galicia\u00c9 un pracer para n\u00f3s, convidarte invitarte ao Segundo Encontro de Benestar e Sustentabilidade en Galicia, ao que asistir\u00e1n novamentediferentes empresas e entidades galegas que consideramos que est\u00e1n a desempe\u00f1ar unha importante labor para o benestar das persoas e o coidado do meio ambiente, a trav\u00e9s de diferentes...","protected":false},"author":2,"featured_media":2071,"comment_status":"open","ping_status":"open","sticky":false,"template":"","format":"standard","meta":{"footnotes":""},"categories":[23],"tags":[],"class_list":["post-2073","post","type-post","status-publish","format-standard","has-post-thumbnail","hentry","category-axenda"],"yoast_head":"<!-- This site is optimized with the Yoast SEO plugin v27.4 - https:\/\/yoast.com\/product\/yoast-seo-wordpress\/ -->\n<title>Segundo Encontro de Benestar e Sustentabilidade en Galicia - Escuela Gallega de Bienestar<\/title>\n<meta name=\"description\" content=\"Benestar e Sustentabilidade en Galicia a trav\u00e9s da Escola Galega de Benestar, coa colaboraci\u00f3n da Rede Vital de Galicia\" \/>\n<meta name=\"robots\" content=\"index, follow, max-snippet:-1, max-image-preview:large, max-video-preview:-1\" \/>\n<link rel=\"canonical\" href=\"https:\/\/escuelagallegadebienestar.es\/gl\/segundo-encontro-de-benestar-e-sustentabilidade-en-galicia\/\" \/>\n<meta property=\"og:locale\" content=\"gl_ES\" \/>\n<meta property=\"og:type\" content=\"article\" \/>\n<meta property=\"og:title\" content=\"Segundo Encontro de Benestar e Sustentabilidade en Galicia - Escuela Gallega de Bienestar\" \/>\n<meta property=\"og:description\" content=\"Benestar e Sustentabilidade en Galicia a trav\u00e9s da Escola Galega de Benestar, coa colaboraci\u00f3n da Rede Vital de Galicia\" \/>\n<meta property=\"og:url\" content=\"https:\/\/escuelagallegadebienestar.es\/gl\/segundo-encontro-de-benestar-e-sustentabilidade-en-galicia\/\" \/>\n<meta property=\"og:site_name\" content=\"Escuela Gallega de Bienestar\" \/>\n<meta property=\"article:published_time\" content=\"2024-09-23T17:58:18+00:00\" \/>\n<meta property=\"article:modified_time\" content=\"2024-09-25T10:35:26+00:00\" \/>\n<meta property=\"og:image\" content=\"https:\/\/escuelagallegadebien-413541.hostingersite.com\/wp-content\/uploads\/2024\/09\/Portada-Segundo-Encuentro.jpg\" \/>\n\t<meta property=\"og:image:width\" content=\"1920\" \/>\n\t<meta property=\"og:image:height\" content=\"1080\" \/>\n\t<meta property=\"og:image:type\" content=\"image\/jpeg\" \/>\n<meta name=\"author\" content=\"Escuela Gallega de Bienestar\" \/>\n<meta name=\"twitter:card\" content=\"summary_large_image\" \/>\n<meta name=\"twitter:label1\" content=\"Escrito por\" \/>\n\t<meta name=\"twitter:data1\" content=\"Escuela Gallega de Bienestar\" \/>\n\t<meta name=\"twitter:label2\" content=\"Tempo de lectura\" \/>\n\t<meta name=\"twitter:data2\" content=\"2 minutos\" \/>\n<script type=\"application\/ld+json\" class=\"yoast-schema-graph\">{\"@context\":\"https:\\\/\\\/schema.org\",\"@graph\":[{\"@type\":\"Article\",\"@id\":\"https:\\\/\\\/escuelagallegadebienestar.es\\\/gl\\\/segundo-encontro-de-benestar-e-sustentabilidade-en-galicia\\\/#article\",\"isPartOf\":{\"@id\":\"https:\\\/\\\/escuelagallegadebienestar.es\\\/gl\\\/segundo-encontro-de-benestar-e-sustentabilidade-en-galicia\\\/\"},\"author\":{\"name\":\"Escuela Gallega de Bienestar\",\"@id\":\"https:\\\/\\\/escuelagallegadebien-413541.hostingersite.com\\\/#\\\/schema\\\/person\\\/eb8046cfc0080d268c07dd776126c66b\"},\"headline\":\"Segundo Encontro de Benestar e Sustentabilidade en Galicia\",\"datePublished\":\"2024-09-23T17:58:18+00:00\",\"dateModified\":\"2024-09-25T10:35:26+00:00\",\"mainEntityOfPage\":{\"@id\":\"https:\\\/\\\/escuelagallegadebienestar.es\\\/gl\\\/segundo-encontro-de-benestar-e-sustentabilidade-en-galicia\\\/\"},\"wordCount\":485,\"commentCount\":0,\"publisher\":{\"@id\":\"https:\\\/\\\/escuelagallegadebien-413541.hostingersite.com\\\/#organization\"},\"image\":{\"@id\":\"https:\\\/\\\/escuelagallegadebienestar.es\\\/gl\\\/segundo-encontro-de-benestar-e-sustentabilidade-en-galicia\\\/#primaryimage\"},\"thumbnailUrl\":\"https:\\\/\\\/escuelagallegadebienestar.es\\\/wp-content\\\/uploads\\\/2024\\\/09\\\/Portada-Segundo-Encuentro.jpg\",\"articleSection\":[\"Axenda\"],\"inLanguage\":\"gl-ES\",\"potentialAction\":[{\"@type\":\"CommentAction\",\"name\":\"Comment\",\"target\":[\"https:\\\/\\\/escuelagallegadebienestar.es\\\/gl\\\/segundo-encontro-de-benestar-e-sustentabilidade-en-galicia\\\/#respond\"]}]},{\"@type\":\"WebPage\",\"@id\":\"https:\\\/\\\/escuelagallegadebienestar.es\\\/gl\\\/segundo-encontro-de-benestar-e-sustentabilidade-en-galicia\\\/\",\"url\":\"https:\\\/\\\/escuelagallegadebienestar.es\\\/gl\\\/segundo-encontro-de-benestar-e-sustentabilidade-en-galicia\\\/\",\"name\":\"Segundo Encontro de Benestar e Sustentabilidade en Galicia - Escuela Gallega de Bienestar\",\"isPartOf\":{\"@id\":\"https:\\\/\\\/escuelagallegadebien-413541.hostingersite.com\\\/#website\"},\"primaryImageOfPage\":{\"@id\":\"https:\\\/\\\/escuelagallegadebienestar.es\\\/gl\\\/segundo-encontro-de-benestar-e-sustentabilidade-en-galicia\\\/#primaryimage\"},\"image\":{\"@id\":\"https:\\\/\\\/escuelagallegadebienestar.es\\\/gl\\\/segundo-encontro-de-benestar-e-sustentabilidade-en-galicia\\\/#primaryimage\"},\"thumbnailUrl\":\"https:\\\/\\\/escuelagallegadebienestar.es\\\/wp-content\\\/uploads\\\/2024\\\/09\\\/Portada-Segundo-Encuentro.jpg\",\"datePublished\":\"2024-09-23T17:58:18+00:00\",\"dateModified\":\"2024-09-25T10:35:26+00:00\",\"description\":\"Benestar e Sustentabilidade en Galicia a trav\u00e9s da Escola Galega de Benestar, coa colaboraci\u00f3n da Rede Vital de Galicia\",\"breadcrumb\":{\"@id\":\"https:\\\/\\\/escuelagallegadebienestar.es\\\/gl\\\/segundo-encontro-de-benestar-e-sustentabilidade-en-galicia\\\/#breadcrumb\"},\"inLanguage\":\"gl-ES\",\"potentialAction\":[{\"@type\":\"ReadAction\",\"target\":[\"https:\\\/\\\/escuelagallegadebienestar.es\\\/gl\\\/segundo-encontro-de-benestar-e-sustentabilidade-en-galicia\\\/\"]}]},{\"@type\":\"ImageObject\",\"inLanguage\":\"gl-ES\",\"@id\":\"https:\\\/\\\/escuelagallegadebienestar.es\\\/gl\\\/segundo-encontro-de-benestar-e-sustentabilidade-en-galicia\\\/#primaryimage\",\"url\":\"https:\\\/\\\/escuelagallegadebienestar.es\\\/wp-content\\\/uploads\\\/2024\\\/09\\\/Portada-Segundo-Encuentro.jpg\",\"contentUrl\":\"https:\\\/\\\/escuelagallegadebienestar.es\\\/wp-content\\\/uploads\\\/2024\\\/09\\\/Portada-Segundo-Encuentro.jpg\",\"width\":1920,\"height\":1080},{\"@type\":\"BreadcrumbList\",\"@id\":\"https:\\\/\\\/escuelagallegadebienestar.es\\\/gl\\\/segundo-encontro-de-benestar-e-sustentabilidade-en-galicia\\\/#breadcrumb\",\"itemListElement\":[{\"@type\":\"ListItem\",\"position\":1,\"name\":\"Portada\",\"item\":\"https:\\\/\\\/escuelagallegadebien-413541.hostingersite.com\\\/inicio\\\/\"},{\"@type\":\"ListItem\",\"position\":2,\"name\":\"Segundo Encontro de Benestar e Sustentabilidade en Galicia\"}]},{\"@type\":\"WebSite\",\"@id\":\"https:\\\/\\\/escuelagallegadebien-413541.hostingersite.com\\\/#website\",\"url\":\"https:\\\/\\\/escuelagallegadebien-413541.hostingersite.com\\\/\",\"name\":\"Escuela Gallega de Bienestar\",\"description\":\"Formaci\u00f3n para mellorar a calidade de vida e o benestar das persoas\",\"publisher\":{\"@id\":\"https:\\\/\\\/escuelagallegadebien-413541.hostingersite.com\\\/#organization\"},\"potentialAction\":[{\"@type\":\"SearchAction\",\"target\":{\"@type\":\"EntryPoint\",\"urlTemplate\":\"https:\\\/\\\/escuelagallegadebien-413541.hostingersite.com\\\/?s={search_term_string}\"},\"query-input\":{\"@type\":\"PropertyValueSpecification\",\"valueRequired\":true,\"valueName\":\"search_term_string\"}}],\"inLanguage\":\"gl-ES\"},{\"@type\":\"Organization\",\"@id\":\"https:\\\/\\\/escuelagallegadebien-413541.hostingersite.com\\\/#organization\",\"name\":\"Escuela Gallega de Bienestar\",\"url\":\"https:\\\/\\\/escuelagallegadebien-413541.hostingersite.com\\\/\",\"logo\":{\"@type\":\"ImageObject\",\"inLanguage\":\"gl-ES\",\"@id\":\"https:\\\/\\\/escuelagallegadebien-413541.hostingersite.com\\\/#\\\/schema\\\/logo\\\/image\\\/\",\"url\":\"https:\\\/\\\/escuelagallegadebienestar.es\\\/wp-content\\\/uploads\\\/2023\\\/06\\\/logo.jpg\",\"contentUrl\":\"https:\\\/\\\/escuelagallegadebienestar.es\\\/wp-content\\\/uploads\\\/2023\\\/06\\\/logo.jpg\",\"width\":404,\"height\":66,\"caption\":\"Escuela Gallega de Bienestar\"},\"image\":{\"@id\":\"https:\\\/\\\/escuelagallegadebien-413541.hostingersite.com\\\/#\\\/schema\\\/logo\\\/image\\\/\"}},{\"@type\":\"Person\",\"@id\":\"https:\\\/\\\/escuelagallegadebien-413541.hostingersite.com\\\/#\\\/schema\\\/person\\\/eb8046cfc0080d268c07dd776126c66b\",\"name\":\"Escuela Gallega de Bienestar\",\"image\":{\"@type\":\"ImageObject\",\"inLanguage\":\"gl-ES\",\"@id\":\"https:\\\/\\\/secure.gravatar.com\\\/avatar\\\/8d739628515449d4ee56c9204eefcd21d015142917e8ce7b1df75b25cb616793?s=96&d=mm&r=g\",\"url\":\"https:\\\/\\\/secure.gravatar.com\\\/avatar\\\/8d739628515449d4ee56c9204eefcd21d015142917e8ce7b1df75b25cb616793?s=96&d=mm&r=g\",\"contentUrl\":\"https:\\\/\\\/secure.gravatar.com\\\/avatar\\\/8d739628515449d4ee56c9204eefcd21d015142917e8ce7b1df75b25cb616793?s=96&d=mm&r=g\",\"caption\":\"Escuela Gallega de Bienestar\"},\"url\":\"https:\\\/\\\/escuelagallegadebienestar.es\\\/gl\\\/author\\\/escuela-gallega-de-bienestar\\\/\"}]}<\/script>\n<!-- \/ Yoast SEO plugin. -->","yoast_head_json":{"title":"Segundo Encontro de Benestar e Sustentabilidade en Galicia - Escuela Gallega de Bienestar","description":"Benestar e Sustentabilidade en Galicia a trav\u00e9s da Escola Galega de Benestar, coa colaboraci\u00f3n da Rede Vital de Galicia","robots":{"index":"index","follow":"follow","max-snippet":"max-snippet:-1","max-image-preview":"max-image-preview:large","max-video-preview":"max-video-preview:-1"},"canonical":"https:\/\/escuelagallegadebienestar.es\/gl\/segundo-encontro-de-benestar-e-sustentabilidade-en-galicia\/","og_locale":"gl_ES","og_type":"article","og_title":"Segundo Encontro de Benestar e Sustentabilidade en Galicia - Escuela Gallega de Bienestar","og_description":"Benestar e Sustentabilidade en Galicia a trav\u00e9s da Escola Galega de Benestar, coa colaboraci\u00f3n da Rede Vital de Galicia","og_url":"https:\/\/escuelagallegadebienestar.es\/gl\/segundo-encontro-de-benestar-e-sustentabilidade-en-galicia\/","og_site_name":"Escuela Gallega de Bienestar","article_published_time":"2024-09-23T17:58:18+00:00","article_modified_time":"2024-09-25T10:35:26+00:00","og_image":[{"width":1920,"height":1080,"url":"https:\/\/escuelagallegadebien-413541.hostingersite.com\/wp-content\/uploads\/2024\/09\/Portada-Segundo-Encuentro.jpg","type":"image\/jpeg"}],"author":"Escuela Gallega de Bienestar","twitter_card":"summary_large_image","twitter_misc":{"Escrito por":"Escuela Gallega de Bienestar","Tempo de lectura":"2 minutos"},"schema":{"@context":"https:\/\/schema.org","@graph":[{"@type":"Article","@id":"https:\/\/escuelagallegadebienestar.es\/gl\/segundo-encontro-de-benestar-e-sustentabilidade-en-galicia\/#article","isPartOf":{"@id":"https:\/\/escuelagallegadebienestar.es\/gl\/segundo-encontro-de-benestar-e-sustentabilidade-en-galicia\/"},"author":{"name":"Escuela Gallega de Bienestar","@id":"https:\/\/escuelagallegadebien-413541.hostingersite.com\/#\/schema\/person\/eb8046cfc0080d268c07dd776126c66b"},"headline":"Segundo Encontro de Benestar e Sustentabilidade en Galicia","datePublished":"2024-09-23T17:58:18+00:00","dateModified":"2024-09-25T10:35:26+00:00","mainEntityOfPage":{"@id":"https:\/\/escuelagallegadebienestar.es\/gl\/segundo-encontro-de-benestar-e-sustentabilidade-en-galicia\/"},"wordCount":485,"commentCount":0,"publisher":{"@id":"https:\/\/escuelagallegadebien-413541.hostingersite.com\/#organization"},"image":{"@id":"https:\/\/escuelagallegadebienestar.es\/gl\/segundo-encontro-de-benestar-e-sustentabilidade-en-galicia\/#primaryimage"},"thumbnailUrl":"https:\/\/escuelagallegadebienestar.es\/wp-content\/uploads\/2024\/09\/Portada-Segundo-Encuentro.jpg","articleSection":["Axenda"],"inLanguage":"gl-ES","potentialAction":[{"@type":"CommentAction","name":"Comment","target":["https:\/\/escuelagallegadebienestar.es\/gl\/segundo-encontro-de-benestar-e-sustentabilidade-en-galicia\/#respond"]}]},{"@type":"WebPage","@id":"https:\/\/escuelagallegadebienestar.es\/gl\/segundo-encontro-de-benestar-e-sustentabilidade-en-galicia\/","url":"https:\/\/escuelagallegadebienestar.es\/gl\/segundo-encontro-de-benestar-e-sustentabilidade-en-galicia\/","name":"Segundo Encontro de Benestar e Sustentabilidade en Galicia - Escuela Gallega de Bienestar","isPartOf":{"@id":"https:\/\/escuelagallegadebien-413541.hostingersite.com\/#website"},"primaryImageOfPage":{"@id":"https:\/\/escuelagallegadebienestar.es\/gl\/segundo-encontro-de-benestar-e-sustentabilidade-en-galicia\/#primaryimage"},"image":{"@id":"https:\/\/escuelagallegadebienestar.es\/gl\/segundo-encontro-de-benestar-e-sustentabilidade-en-galicia\/#primaryimage"},"thumbnailUrl":"https:\/\/escuelagallegadebienestar.es\/wp-content\/uploads\/2024\/09\/Portada-Segundo-Encuentro.jpg","datePublished":"2024-09-23T17:58:18+00:00","dateModified":"2024-09-25T10:35:26+00:00","description":"Benestar e Sustentabilidade en Galicia a trav\u00e9s da Escola Galega de Benestar, coa colaboraci\u00f3n da Rede Vital de Galicia","breadcrumb":{"@id":"https:\/\/escuelagallegadebienestar.es\/gl\/segundo-encontro-de-benestar-e-sustentabilidade-en-galicia\/#breadcrumb"},"inLanguage":"gl-ES","potentialAction":[{"@type":"ReadAction","target":["https:\/\/escuelagallegadebienestar.es\/gl\/segundo-encontro-de-benestar-e-sustentabilidade-en-galicia\/"]}]},{"@type":"ImageObject","inLanguage":"gl-ES","@id":"https:\/\/escuelagallegadebienestar.es\/gl\/segundo-encontro-de-benestar-e-sustentabilidade-en-galicia\/#primaryimage","url":"https:\/\/escuelagallegadebienestar.es\/wp-content\/uploads\/2024\/09\/Portada-Segundo-Encuentro.jpg","contentUrl":"https:\/\/escuelagallegadebienestar.es\/wp-content\/uploads\/2024\/09\/Portada-Segundo-Encuentro.jpg","width":1920,"height":1080},{"@type":"BreadcrumbList","@id":"https:\/\/escuelagallegadebienestar.es\/gl\/segundo-encontro-de-benestar-e-sustentabilidade-en-galicia\/#breadcrumb","itemListElement":[{"@type":"ListItem","position":1,"name":"Portada","item":"https:\/\/escuelagallegadebien-413541.hostingersite.com\/inicio\/"},{"@type":"ListItem","position":2,"name":"Segundo Encontro de Benestar e Sustentabilidade en Galicia"}]},{"@type":"WebSite","@id":"https:\/\/escuelagallegadebien-413541.hostingersite.com\/#website","url":"https:\/\/escuelagallegadebien-413541.hostingersite.com\/","name":"Escuela Gallega de Bienestar","description":"Formaci\u00f3n para mellorar a calidade de vida e o benestar das persoas","publisher":{"@id":"https:\/\/escuelagallegadebien-413541.hostingersite.com\/#organization"},"potentialAction":[{"@type":"SearchAction","target":{"@type":"EntryPoint","urlTemplate":"https:\/\/escuelagallegadebien-413541.hostingersite.com\/?s={search_term_string}"},"query-input":{"@type":"PropertyValueSpecification","valueRequired":true,"valueName":"search_term_string"}}],"inLanguage":"gl-ES"},{"@type":"Organization","@id":"https:\/\/escuelagallegadebien-413541.hostingersite.com\/#organization","name":"Escuela Gallega de Bienestar","url":"https:\/\/escuelagallegadebien-413541.hostingersite.com\/","logo":{"@type":"ImageObject","inLanguage":"gl-ES","@id":"https:\/\/escuelagallegadebien-413541.hostingersite.com\/#\/schema\/logo\/image\/","url":"https:\/\/escuelagallegadebienestar.es\/wp-content\/uploads\/2023\/06\/logo.jpg","contentUrl":"https:\/\/escuelagallegadebienestar.es\/wp-content\/uploads\/2023\/06\/logo.jpg","width":404,"height":66,"caption":"Escuela Gallega de Bienestar"},"image":{"@id":"https:\/\/escuelagallegadebien-413541.hostingersite.com\/#\/schema\/logo\/image\/"}},{"@type":"Person","@id":"https:\/\/escuelagallegadebien-413541.hostingersite.com\/#\/schema\/person\/eb8046cfc0080d268c07dd776126c66b","name":"Escuela Gallega de Bienestar","image":{"@type":"ImageObject","inLanguage":"gl-ES","@id":"https:\/\/secure.gravatar.com\/avatar\/8d739628515449d4ee56c9204eefcd21d015142917e8ce7b1df75b25cb616793?s=96&d=mm&r=g","url":"https:\/\/secure.gravatar.com\/avatar\/8d739628515449d4ee56c9204eefcd21d015142917e8ce7b1df75b25cb616793?s=96&d=mm&r=g","contentUrl":"https:\/\/secure.gravatar.com\/avatar\/8d739628515449d4ee56c9204eefcd21d015142917e8ce7b1df75b25cb616793?s=96&d=mm&r=g","caption":"Escuela Gallega de Bienestar"},"url":"https:\/\/escuelagallegadebienestar.es\/gl\/author\/escuela-gallega-de-bienestar\/"}]}},"_links":{"self":[{"href":"https:\/\/escuelagallegadebienestar.es\/gl\/wp-json\/wp\/v2\/posts\/2073","targetHints":{"allow":["GET"]}}],"collection":[{"href":"https:\/\/escuelagallegadebienestar.es\/gl\/wp-json\/wp\/v2\/posts"}],"about":[{"href":"https:\/\/escuelagallegadebienestar.es\/gl\/wp-json\/wp\/v2\/types\/post"}],"author":[{"embeddable":true,"href":"https:\/\/escuelagallegadebienestar.es\/gl\/wp-json\/wp\/v2\/users\/2"}],"replies":[{"embeddable":true,"href":"https:\/\/escuelagallegadebienestar.es\/gl\/wp-json\/wp\/v2\/comments?post=2073"}],"version-history":[{"count":7,"href":"https:\/\/escuelagallegadebienestar.es\/gl\/wp-json\/wp\/v2\/posts\/2073\/revisions"}],"predecessor-version":[{"id":2091,"href":"https:\/\/escuelagallegadebienestar.es\/gl\/wp-json\/wp\/v2\/posts\/2073\/revisions\/2091"}],"wp:featuredmedia":[{"embeddable":true,"href":"https:\/\/escuelagallegadebienestar.es\/gl\/wp-json\/wp\/v2\/media\/2071"}],"wp:attachment":[{"href":"https:\/\/escuelagallegadebienestar.es\/gl\/wp-json\/wp\/v2\/media?parent=2073"}],"wp:term":[{"taxonomy":"category","embeddable":true,"href":"https:\/\/escuelagallegadebienestar.es\/gl\/wp-json\/wp\/v2\/categories?post=2073"},{"taxonomy":"post_tag","embeddable":true,"href":"https:\/\/escuelagallegadebienestar.es\/gl\/wp-json\/wp\/v2\/tags?post=2073"}],"curies":[{"name":"wp","href":"https:\/\/api.w.org\/{rel}","templated":true}]}}