{"id":1167,"date":"2024-02-19T12:47:59","date_gmt":"2024-02-19T11:47:59","guid":{"rendered":"https:\/\/escuelagallegadebienestar.es\/blog\/participamos-en-biocultura-a-coruna\/"},"modified":"2024-02-22T10:08:56","modified_gmt":"2024-02-22T09:08:56","slug":"participamos-en-biocultura-a-coruna","status":"publish","type":"post","link":"https:\/\/escuelagallegadebienestar.es\/gl\/participamos-en-biocultura-a-coruna\/","title":{"rendered":"Participamos en Biocultura A Coru\u00f1a"},"content":{"rendered":"<p><strong>V\u00c9MONOS EN BIOCULTURA <\/strong><\/p>\n<p><strong>A CORU\u00d1A, DO 1 AO 3 DE MARZO 2024<\/strong><\/p>\n<p>\u00bfCo\u00f1eces Biocultura?<\/p>\n<p><strong>Biocultura<\/strong> \u00e9 a feira de <strong>produtos ecol\u00f3xicos e consumo responsable<\/strong>, de referencia internacional, reco\u00f1ecida como unha das m\u00e1is importantes en Europa, que se celebra cada ano en Madrid e Barcelona e tam\u00e9n na Coru\u00f1a, concretamente neste 2024 en <strong>EXPOCoru\u00f1a<\/strong>, os d\u00edas <strong>1 ao 3 de marzo.<\/strong><\/p>\n<p>Unha fant\u00e1stica oportunidade para co\u00f1ecernos, xa que poder\u00e1s encontrarnos no <strong>stand 19 E<\/strong> da Deputaci\u00f3n de A Coru\u00f1a.<\/p>\n<p>Adem\u00e1is, o <strong>domingo<\/strong> <strong>3 de marzo \u00e1s 15.00 h.,<\/strong> dende a<strong><em>Escola Galega de Benestar<\/em><\/strong>, falaremos sobre <strong><em>Lonxevidade, Benestar e Sustentabilidade en Galicia<\/em><\/strong><em>,<\/em> no \u00c1gora Deputaci\u00f3n da Coru\u00f1a, tal como podes ver na seguinte ligaz\u00f3n: <a href=\"https:\/\/www.biocultura.org\/actividad\/4330\/acoruna\">https:\/\/www.biocultura.org\/actividad\/4330\/acoruna<\/a><\/p>\n<p>Unha charla na que poder\u00e1s descubrir todos aqueles <strong>recursos nos que podes influir para a t\u00faa sa\u00fade e benestar,<\/strong> xa que a idea \u00e9\u201c<em>morrer xoves a unha idade avanzada\u201d <\/em>ao mesmo tiempo que nos conectamos a unha filosof\u00eda de vida baseada no <strong>coidado persoal<\/strong> e promovemos a<strong> sustentabilidade do noso entorno<\/strong>.<\/p>\n<div class=\"wp-block-image\">\n<div class=\"wp-block-image\"><img loading=\"lazy\" decoding=\"async\" class=\"alignnone wp-image-1133\" src=\"https:\/\/escuelagallegadebienestar.es\/wp-content\/uploads\/2024\/02\/Biocultura-coruna-2024.jpg\" alt=\"Biocultura Coru\u00f1a 2024\" width=\"1149\" height=\"646\" srcset=\"https:\/\/escuelagallegadebienestar.es\/wp-content\/uploads\/2024\/02\/Biocultura-coruna-2024.jpg 1920w, https:\/\/escuelagallegadebienestar.es\/wp-content\/uploads\/2024\/02\/Biocultura-coruna-2024-600x338.jpg 600w, https:\/\/escuelagallegadebienestar.es\/wp-content\/uploads\/2024\/02\/Biocultura-coruna-2024-300x169.jpg 300w, https:\/\/escuelagallegadebienestar.es\/wp-content\/uploads\/2024\/02\/Biocultura-coruna-2024-1024x576.jpg 1024w\" sizes=\"auto, (max-width: 1149px) 100vw, 1149px\" \/><\/div>\n<\/div>\n<p>A continuaci\u00f3n, acheg\u00e1moste os <strong>horarios<\/strong> e tam\u00e9n a ligaz\u00f3n para que poidas conseguir as t\u00faas <strong>entradas<\/strong> e disfrutar as\u00ed deste magn\u00edfico encontro de 3 d\u00edas que se celebra tan so unha vez ao a\u00f1o e te achega a unha <strong>vida saudable<\/strong>, a trav\u00e9s de produtos ecol\u00f3xicos e diferentes empresas e entidades de consumo responsable e sostible, para unha <strong>mellor<\/strong> <strong>calidade de vida<\/strong> e <strong>benestar<\/strong>:<\/p>\n<p>Consigue as t\u00faas <strong>entradas<\/strong> para Biocultura EXPOCoru\u00f1a: <a href=\"https:\/\/www.biocultura.org\/acoruna\/horarios\">https:\/\/www.biocultura.org\/acoruna\/horarios<\/a><\/p>\n<p><strong>HORARIOS<\/strong> Biocultura A Coru\u00f1a:<\/p>\n<p>1 de Marzo de 2024, <strong>de 11:00h a 20:00h<\/strong><br \/>\n2 de Marzo de 2024, <strong>de 11:00h a 20:00h<\/strong><br \/>\n3 de Marzo de 2024, <strong>de 11:00h a 18:00h<\/strong><\/p>\n<p><strong>Localizaci\u00f3n de EXPOCoru\u00f1a: <\/strong>R\u00faa Juana Capdevielle, 2, 15008 A Coru\u00f1a<\/p>\n<p><iframe src=\"https:\/\/www.google.com\/maps\/embed?pb=!1m18!1m12!1m3!1d2901.753981468656!2d-8.4101242!3d43.3403369!2m3!1f0!2f0!3f0!3m2!1i1024!2i768!4f13.1!3m3!1m2!1s0xd2e7cba5bb3107b%3A0x93831a251a29aaeb!2sEXPOCoru%C3%B1a!5e0!3m2!1ses!2ses!4v1708365402130!5m2!1ses!2ses\" width=\"600\" height=\"450\" style=\"border:0;\" allowfullscreen=\"\" loading=\"lazy\" referrerpolicy=\"no-referrer-when-downgrade\"><\/iframe><\/p>\n<p><a href=\"https:\/\/www.google.com\/maps\/place\/EXPOCoru%C3%B1a\/@43.3403369,-8.4101242,17z\/data=!3m1!4b1!4m6!3m5!1s0xd2e7cba5bb3107b:0x93831a251a29aaeb!8m2!3d43.3403369!4d-8.4101242!16s%2Fg%2F1vfn7ysc?entry=ttu\">Ver mapa<\/a><\/p>\n<p>Si queres <strong>co\u00f1ecer m\u00e1is <\/strong>sobre <strong>BIOCULTURA<\/strong>. Podes descubrilo aqu\u00ed: <a href=\"https:\/\/www.biocultura.org\/biocultura\">https:\/\/www.biocultura.org\/biocultura<\/a><\/p>\n","protected":false},"excerpt":{"rendered":"<p>V\u00c9MONOS EN BIOCULTURA A CORU\u00d1A, DO 1 AO 3 DE MARZO 2024 \u00bfCo\u00f1eces Biocultura? Biocultura \u00e9 a feira de produtos ecol\u00f3xicos e consumo responsable, de referencia internacional, reco\u00f1ecida como unha das m\u00e1is importantes en Europa, que se celebra cada ano en Madrid e Barcelona e tam\u00e9n na Coru\u00f1a, concretamente neste 2024 en EXPOCoru\u00f1a, os d\u00edas&#8230;<\/p>\n","protected":false},"author":1,"featured_media":1122,"comment_status":"open","ping_status":"open","sticky":false,"template":"","format":"standard","meta":{"footnotes":""},"categories":[23,24],"tags":[],"class_list":["post-1167","post","type-post","status-publish","format-standard","has-post-thumbnail","hentry","category-axenda","category-blog-gl"],"yoast_head":"<!-- This site is optimized with the Yoast SEO plugin v27.4 - https:\/\/yoast.com\/product\/yoast-seo-wordpress\/ -->\n<title>Participamos en Biocultura A Coru\u00f1a - Escuela Gallega de Bienestar<\/title>\n<meta name=\"description\" content=\"A Escola Galega de Benestar participa en Biocultura A Coru\u00f1a do 1 ao 3 de marzo de 2024. O domingo 3, adem\u00e1is conferencia \u00e1s 15.00 h.\" \/>\n<meta name=\"robots\" content=\"index, follow, max-snippet:-1, max-image-preview:large, max-video-preview:-1\" \/>\n<link rel=\"canonical\" href=\"https:\/\/escuelagallegadebienestar.es\/gl\/participamos-en-biocultura-a-coruna\/\" \/>\n<meta property=\"og:locale\" content=\"gl_ES\" \/>\n<meta property=\"og:type\" content=\"article\" \/>\n<meta property=\"og:title\" content=\"Participamos en Biocultura A Coru\u00f1a - Escuela Gallega de Bienestar\" \/>\n<meta property=\"og:description\" content=\"A Escola Galega de Benestar participa en Biocultura A Coru\u00f1a do 1 ao 3 de marzo de 2024. O domingo 3, adem\u00e1is conferencia \u00e1s 15.00 h.\" \/>\n<meta property=\"og:url\" content=\"https:\/\/escuelagallegadebienestar.es\/gl\/participamos-en-biocultura-a-coruna\/\" \/>\n<meta property=\"og:site_name\" content=\"Escuela Gallega de Bienestar\" \/>\n<meta property=\"article:published_time\" content=\"2024-02-19T11:47:59+00:00\" \/>\n<meta property=\"article:modified_time\" content=\"2024-02-22T09:08:56+00:00\" \/>\n<meta property=\"og:image\" content=\"https:\/\/escuelagallegadebien-413541.hostingersite.com\/wp-content\/uploads\/2024\/02\/cartel-biocultura-2024.jpg\" \/>\n\t<meta property=\"og:image:width\" content=\"969\" \/>\n\t<meta property=\"og:image:height\" content=\"360\" \/>\n\t<meta property=\"og:image:type\" content=\"image\/jpeg\" \/>\n<meta name=\"author\" content=\"adminesgabi\" \/>\n<meta name=\"twitter:card\" content=\"summary_large_image\" \/>\n<meta name=\"twitter:label1\" content=\"Escrito por\" \/>\n\t<meta name=\"twitter:data1\" content=\"adminesgabi\" \/>\n\t<meta name=\"twitter:label2\" content=\"Tempo de lectura\" \/>\n\t<meta name=\"twitter:data2\" content=\"2 minutos\" \/>\n<script type=\"application\/ld+json\" class=\"yoast-schema-graph\">{\"@context\":\"https:\\\/\\\/schema.org\",\"@graph\":[{\"@type\":\"Article\",\"@id\":\"https:\\\/\\\/escuelagallegadebienestar.es\\\/gl\\\/participamos-en-biocultura-a-coruna\\\/#article\",\"isPartOf\":{\"@id\":\"https:\\\/\\\/escuelagallegadebienestar.es\\\/gl\\\/participamos-en-biocultura-a-coruna\\\/\"},\"author\":{\"name\":\"adminesgabi\",\"@id\":\"https:\\\/\\\/escuelagallegadebien-413541.hostingersite.com\\\/#\\\/schema\\\/person\\\/d8163e981611e5e8240aacff6d4302fe\"},\"headline\":\"Participamos en Biocultura A Coru\u00f1a\",\"datePublished\":\"2024-02-19T11:47:59+00:00\",\"dateModified\":\"2024-02-22T09:08:56+00:00\",\"mainEntityOfPage\":{\"@id\":\"https:\\\/\\\/escuelagallegadebienestar.es\\\/gl\\\/participamos-en-biocultura-a-coruna\\\/\"},\"wordCount\":333,\"commentCount\":0,\"publisher\":{\"@id\":\"https:\\\/\\\/escuelagallegadebien-413541.hostingersite.com\\\/#organization\"},\"image\":{\"@id\":\"https:\\\/\\\/escuelagallegadebienestar.es\\\/gl\\\/participamos-en-biocultura-a-coruna\\\/#primaryimage\"},\"thumbnailUrl\":\"https:\\\/\\\/escuelagallegadebienestar.es\\\/wp-content\\\/uploads\\\/2024\\\/02\\\/cartel-biocultura-2024.jpg\",\"articleSection\":[\"Axenda\",\"Blog\"],\"inLanguage\":\"gl-ES\",\"potentialAction\":[{\"@type\":\"CommentAction\",\"name\":\"Comment\",\"target\":[\"https:\\\/\\\/escuelagallegadebienestar.es\\\/gl\\\/participamos-en-biocultura-a-coruna\\\/#respond\"]}]},{\"@type\":\"WebPage\",\"@id\":\"https:\\\/\\\/escuelagallegadebienestar.es\\\/gl\\\/participamos-en-biocultura-a-coruna\\\/\",\"url\":\"https:\\\/\\\/escuelagallegadebienestar.es\\\/gl\\\/participamos-en-biocultura-a-coruna\\\/\",\"name\":\"Participamos en Biocultura A Coru\u00f1a - Escuela Gallega de Bienestar\",\"isPartOf\":{\"@id\":\"https:\\\/\\\/escuelagallegadebien-413541.hostingersite.com\\\/#website\"},\"primaryImageOfPage\":{\"@id\":\"https:\\\/\\\/escuelagallegadebienestar.es\\\/gl\\\/participamos-en-biocultura-a-coruna\\\/#primaryimage\"},\"image\":{\"@id\":\"https:\\\/\\\/escuelagallegadebienestar.es\\\/gl\\\/participamos-en-biocultura-a-coruna\\\/#primaryimage\"},\"thumbnailUrl\":\"https:\\\/\\\/escuelagallegadebienestar.es\\\/wp-content\\\/uploads\\\/2024\\\/02\\\/cartel-biocultura-2024.jpg\",\"datePublished\":\"2024-02-19T11:47:59+00:00\",\"dateModified\":\"2024-02-22T09:08:56+00:00\",\"description\":\"A Escola Galega de Benestar participa en Biocultura A Coru\u00f1a do 1 ao 3 de marzo de 2024. O domingo 3, adem\u00e1is conferencia \u00e1s 15.00 h.\",\"breadcrumb\":{\"@id\":\"https:\\\/\\\/escuelagallegadebienestar.es\\\/gl\\\/participamos-en-biocultura-a-coruna\\\/#breadcrumb\"},\"inLanguage\":\"gl-ES\",\"potentialAction\":[{\"@type\":\"ReadAction\",\"target\":[\"https:\\\/\\\/escuelagallegadebienestar.es\\\/gl\\\/participamos-en-biocultura-a-coruna\\\/\"]}]},{\"@type\":\"ImageObject\",\"inLanguage\":\"gl-ES\",\"@id\":\"https:\\\/\\\/escuelagallegadebienestar.es\\\/gl\\\/participamos-en-biocultura-a-coruna\\\/#primaryimage\",\"url\":\"https:\\\/\\\/escuelagallegadebienestar.es\\\/wp-content\\\/uploads\\\/2024\\\/02\\\/cartel-biocultura-2024.jpg\",\"contentUrl\":\"https:\\\/\\\/escuelagallegadebienestar.es\\\/wp-content\\\/uploads\\\/2024\\\/02\\\/cartel-biocultura-2024.jpg\",\"width\":969,\"height\":360,\"caption\":\"biocultura 2024\"},{\"@type\":\"BreadcrumbList\",\"@id\":\"https:\\\/\\\/escuelagallegadebienestar.es\\\/gl\\\/participamos-en-biocultura-a-coruna\\\/#breadcrumb\",\"itemListElement\":[{\"@type\":\"ListItem\",\"position\":1,\"name\":\"Portada\",\"item\":\"https:\\\/\\\/escuelagallegadebien-413541.hostingersite.com\\\/inicio\\\/\"},{\"@type\":\"ListItem\",\"position\":2,\"name\":\"Participamos en Biocultura A Coru\u00f1a\"}]},{\"@type\":\"WebSite\",\"@id\":\"https:\\\/\\\/escuelagallegadebien-413541.hostingersite.com\\\/#website\",\"url\":\"https:\\\/\\\/escuelagallegadebien-413541.hostingersite.com\\\/\",\"name\":\"Escuela Gallega de Bienestar\",\"description\":\"Formaci\u00f3n para mellorar a calidade de vida e o benestar das persoas\",\"publisher\":{\"@id\":\"https:\\\/\\\/escuelagallegadebien-413541.hostingersite.com\\\/#organization\"},\"potentialAction\":[{\"@type\":\"SearchAction\",\"target\":{\"@type\":\"EntryPoint\",\"urlTemplate\":\"https:\\\/\\\/escuelagallegadebien-413541.hostingersite.com\\\/?s={search_term_string}\"},\"query-input\":{\"@type\":\"PropertyValueSpecification\",\"valueRequired\":true,\"valueName\":\"search_term_string\"}}],\"inLanguage\":\"gl-ES\"},{\"@type\":\"Organization\",\"@id\":\"https:\\\/\\\/escuelagallegadebien-413541.hostingersite.com\\\/#organization\",\"name\":\"Escuela Gallega de Bienestar\",\"url\":\"https:\\\/\\\/escuelagallegadebien-413541.hostingersite.com\\\/\",\"logo\":{\"@type\":\"ImageObject\",\"inLanguage\":\"gl-ES\",\"@id\":\"https:\\\/\\\/escuelagallegadebien-413541.hostingersite.com\\\/#\\\/schema\\\/logo\\\/image\\\/\",\"url\":\"https:\\\/\\\/escuelagallegadebienestar.es\\\/wp-content\\\/uploads\\\/2023\\\/06\\\/logo.jpg\",\"contentUrl\":\"https:\\\/\\\/escuelagallegadebienestar.es\\\/wp-content\\\/uploads\\\/2023\\\/06\\\/logo.jpg\",\"width\":404,\"height\":66,\"caption\":\"Escuela Gallega de Bienestar\"},\"image\":{\"@id\":\"https:\\\/\\\/escuelagallegadebien-413541.hostingersite.com\\\/#\\\/schema\\\/logo\\\/image\\\/\"}},{\"@type\":\"Person\",\"@id\":\"https:\\\/\\\/escuelagallegadebien-413541.hostingersite.com\\\/#\\\/schema\\\/person\\\/d8163e981611e5e8240aacff6d4302fe\",\"name\":\"adminesgabi\",\"image\":{\"@type\":\"ImageObject\",\"inLanguage\":\"gl-ES\",\"@id\":\"https:\\\/\\\/secure.gravatar.com\\\/avatar\\\/21d53650e72b811ca70e3ea96736cf68f63dae2a5124a6a6440974c6d0ea3d0b?s=96&d=mm&r=g\",\"url\":\"https:\\\/\\\/secure.gravatar.com\\\/avatar\\\/21d53650e72b811ca70e3ea96736cf68f63dae2a5124a6a6440974c6d0ea3d0b?s=96&d=mm&r=g\",\"contentUrl\":\"https:\\\/\\\/secure.gravatar.com\\\/avatar\\\/21d53650e72b811ca70e3ea96736cf68f63dae2a5124a6a6440974c6d0ea3d0b?s=96&d=mm&r=g\",\"caption\":\"adminesgabi\"},\"sameAs\":[\"https:\\\/\\\/escuelagallegadebienestar.es\"],\"url\":\"https:\\\/\\\/escuelagallegadebienestar.es\\\/gl\\\/author\\\/adminesgabi\\\/\"}]}<\/script>\n<!-- \/ Yoast SEO plugin. -->","yoast_head_json":{"title":"Participamos en Biocultura A Coru\u00f1a - Escuela Gallega de Bienestar","description":"A Escola Galega de Benestar participa en Biocultura A Coru\u00f1a do 1 ao 3 de marzo de 2024. O domingo 3, adem\u00e1is conferencia \u00e1s 15.00 h.","robots":{"index":"index","follow":"follow","max-snippet":"max-snippet:-1","max-image-preview":"max-image-preview:large","max-video-preview":"max-video-preview:-1"},"canonical":"https:\/\/escuelagallegadebienestar.es\/gl\/participamos-en-biocultura-a-coruna\/","og_locale":"gl_ES","og_type":"article","og_title":"Participamos en Biocultura A Coru\u00f1a - Escuela Gallega de Bienestar","og_description":"A Escola Galega de Benestar participa en Biocultura A Coru\u00f1a do 1 ao 3 de marzo de 2024. O domingo 3, adem\u00e1is conferencia \u00e1s 15.00 h.","og_url":"https:\/\/escuelagallegadebienestar.es\/gl\/participamos-en-biocultura-a-coruna\/","og_site_name":"Escuela Gallega de Bienestar","article_published_time":"2024-02-19T11:47:59+00:00","article_modified_time":"2024-02-22T09:08:56+00:00","og_image":[{"width":969,"height":360,"url":"https:\/\/escuelagallegadebien-413541.hostingersite.com\/wp-content\/uploads\/2024\/02\/cartel-biocultura-2024.jpg","type":"image\/jpeg"}],"author":"adminesgabi","twitter_card":"summary_large_image","twitter_misc":{"Escrito por":"adminesgabi","Tempo de lectura":"2 minutos"},"schema":{"@context":"https:\/\/schema.org","@graph":[{"@type":"Article","@id":"https:\/\/escuelagallegadebienestar.es\/gl\/participamos-en-biocultura-a-coruna\/#article","isPartOf":{"@id":"https:\/\/escuelagallegadebienestar.es\/gl\/participamos-en-biocultura-a-coruna\/"},"author":{"name":"adminesgabi","@id":"https:\/\/escuelagallegadebien-413541.hostingersite.com\/#\/schema\/person\/d8163e981611e5e8240aacff6d4302fe"},"headline":"Participamos en Biocultura A Coru\u00f1a","datePublished":"2024-02-19T11:47:59+00:00","dateModified":"2024-02-22T09:08:56+00:00","mainEntityOfPage":{"@id":"https:\/\/escuelagallegadebienestar.es\/gl\/participamos-en-biocultura-a-coruna\/"},"wordCount":333,"commentCount":0,"publisher":{"@id":"https:\/\/escuelagallegadebien-413541.hostingersite.com\/#organization"},"image":{"@id":"https:\/\/escuelagallegadebienestar.es\/gl\/participamos-en-biocultura-a-coruna\/#primaryimage"},"thumbnailUrl":"https:\/\/escuelagallegadebienestar.es\/wp-content\/uploads\/2024\/02\/cartel-biocultura-2024.jpg","articleSection":["Axenda","Blog"],"inLanguage":"gl-ES","potentialAction":[{"@type":"CommentAction","name":"Comment","target":["https:\/\/escuelagallegadebienestar.es\/gl\/participamos-en-biocultura-a-coruna\/#respond"]}]},{"@type":"WebPage","@id":"https:\/\/escuelagallegadebienestar.es\/gl\/participamos-en-biocultura-a-coruna\/","url":"https:\/\/escuelagallegadebienestar.es\/gl\/participamos-en-biocultura-a-coruna\/","name":"Participamos en Biocultura A Coru\u00f1a - Escuela Gallega de Bienestar","isPartOf":{"@id":"https:\/\/escuelagallegadebien-413541.hostingersite.com\/#website"},"primaryImageOfPage":{"@id":"https:\/\/escuelagallegadebienestar.es\/gl\/participamos-en-biocultura-a-coruna\/#primaryimage"},"image":{"@id":"https:\/\/escuelagallegadebienestar.es\/gl\/participamos-en-biocultura-a-coruna\/#primaryimage"},"thumbnailUrl":"https:\/\/escuelagallegadebienestar.es\/wp-content\/uploads\/2024\/02\/cartel-biocultura-2024.jpg","datePublished":"2024-02-19T11:47:59+00:00","dateModified":"2024-02-22T09:08:56+00:00","description":"A Escola Galega de Benestar participa en Biocultura A Coru\u00f1a do 1 ao 3 de marzo de 2024. O domingo 3, adem\u00e1is conferencia \u00e1s 15.00 h.","breadcrumb":{"@id":"https:\/\/escuelagallegadebienestar.es\/gl\/participamos-en-biocultura-a-coruna\/#breadcrumb"},"inLanguage":"gl-ES","potentialAction":[{"@type":"ReadAction","target":["https:\/\/escuelagallegadebienestar.es\/gl\/participamos-en-biocultura-a-coruna\/"]}]},{"@type":"ImageObject","inLanguage":"gl-ES","@id":"https:\/\/escuelagallegadebienestar.es\/gl\/participamos-en-biocultura-a-coruna\/#primaryimage","url":"https:\/\/escuelagallegadebienestar.es\/wp-content\/uploads\/2024\/02\/cartel-biocultura-2024.jpg","contentUrl":"https:\/\/escuelagallegadebienestar.es\/wp-content\/uploads\/2024\/02\/cartel-biocultura-2024.jpg","width":969,"height":360,"caption":"biocultura 2024"},{"@type":"BreadcrumbList","@id":"https:\/\/escuelagallegadebienestar.es\/gl\/participamos-en-biocultura-a-coruna\/#breadcrumb","itemListElement":[{"@type":"ListItem","position":1,"name":"Portada","item":"https:\/\/escuelagallegadebien-413541.hostingersite.com\/inicio\/"},{"@type":"ListItem","position":2,"name":"Participamos en Biocultura A Coru\u00f1a"}]},{"@type":"WebSite","@id":"https:\/\/escuelagallegadebien-413541.hostingersite.com\/#website","url":"https:\/\/escuelagallegadebien-413541.hostingersite.com\/","name":"Escuela Gallega de Bienestar","description":"Formaci\u00f3n para mellorar a calidade de vida e o benestar das persoas","publisher":{"@id":"https:\/\/escuelagallegadebien-413541.hostingersite.com\/#organization"},"potentialAction":[{"@type":"SearchAction","target":{"@type":"EntryPoint","urlTemplate":"https:\/\/escuelagallegadebien-413541.hostingersite.com\/?s={search_term_string}"},"query-input":{"@type":"PropertyValueSpecification","valueRequired":true,"valueName":"search_term_string"}}],"inLanguage":"gl-ES"},{"@type":"Organization","@id":"https:\/\/escuelagallegadebien-413541.hostingersite.com\/#organization","name":"Escuela Gallega de Bienestar","url":"https:\/\/escuelagallegadebien-413541.hostingersite.com\/","logo":{"@type":"ImageObject","inLanguage":"gl-ES","@id":"https:\/\/escuelagallegadebien-413541.hostingersite.com\/#\/schema\/logo\/image\/","url":"https:\/\/escuelagallegadebienestar.es\/wp-content\/uploads\/2023\/06\/logo.jpg","contentUrl":"https:\/\/escuelagallegadebienestar.es\/wp-content\/uploads\/2023\/06\/logo.jpg","width":404,"height":66,"caption":"Escuela Gallega de Bienestar"},"image":{"@id":"https:\/\/escuelagallegadebien-413541.hostingersite.com\/#\/schema\/logo\/image\/"}},{"@type":"Person","@id":"https:\/\/escuelagallegadebien-413541.hostingersite.com\/#\/schema\/person\/d8163e981611e5e8240aacff6d4302fe","name":"adminesgabi","image":{"@type":"ImageObject","inLanguage":"gl-ES","@id":"https:\/\/secure.gravatar.com\/avatar\/21d53650e72b811ca70e3ea96736cf68f63dae2a5124a6a6440974c6d0ea3d0b?s=96&d=mm&r=g","url":"https:\/\/secure.gravatar.com\/avatar\/21d53650e72b811ca70e3ea96736cf68f63dae2a5124a6a6440974c6d0ea3d0b?s=96&d=mm&r=g","contentUrl":"https:\/\/secure.gravatar.com\/avatar\/21d53650e72b811ca70e3ea96736cf68f63dae2a5124a6a6440974c6d0ea3d0b?s=96&d=mm&r=g","caption":"adminesgabi"},"sameAs":["https:\/\/escuelagallegadebienestar.es"],"url":"https:\/\/escuelagallegadebienestar.es\/gl\/author\/adminesgabi\/"}]}},"_links":{"self":[{"href":"https:\/\/escuelagallegadebienestar.es\/gl\/wp-json\/wp\/v2\/posts\/1167","targetHints":{"allow":["GET"]}}],"collection":[{"href":"https:\/\/escuelagallegadebienestar.es\/gl\/wp-json\/wp\/v2\/posts"}],"about":[{"href":"https:\/\/escuelagallegadebienestar.es\/gl\/wp-json\/wp\/v2\/types\/post"}],"author":[{"embeddable":true,"href":"https:\/\/escuelagallegadebienestar.es\/gl\/wp-json\/wp\/v2\/users\/1"}],"replies":[{"embeddable":true,"href":"https:\/\/escuelagallegadebienestar.es\/gl\/wp-json\/wp\/v2\/comments?post=1167"}],"version-history":[{"count":3,"href":"https:\/\/escuelagallegadebienestar.es\/gl\/wp-json\/wp\/v2\/posts\/1167\/revisions"}],"predecessor-version":[{"id":1180,"href":"https:\/\/escuelagallegadebienestar.es\/gl\/wp-json\/wp\/v2\/posts\/1167\/revisions\/1180"}],"wp:featuredmedia":[{"embeddable":true,"href":"https:\/\/escuelagallegadebienestar.es\/gl\/wp-json\/wp\/v2\/media\/1122"}],"wp:attachment":[{"href":"https:\/\/escuelagallegadebienestar.es\/gl\/wp-json\/wp\/v2\/media?parent=1167"}],"wp:term":[{"taxonomy":"category","embeddable":true,"href":"https:\/\/escuelagallegadebienestar.es\/gl\/wp-json\/wp\/v2\/categories?post=1167"},{"taxonomy":"post_tag","embeddable":true,"href":"https:\/\/escuelagallegadebienestar.es\/gl\/wp-json\/wp\/v2\/tags?post=1167"}],"curies":[{"name":"wp","href":"https:\/\/api.w.org\/{rel}","templated":true}]}}